{"id":1123,"date":"2024-07-24T12:56:30","date_gmt":"2024-07-24T10:56:30","guid":{"rendered":"https:\/\/iak.eus\/?p=1123"},"modified":"2024-07-24T12:56:32","modified_gmt":"2024-07-24T10:56:32","slug":"convocatorias-iak","status":"publish","type":"post","link":"https:\/\/iak.eus\/es\/convocatorias-iak\/","title":{"rendered":"Se han puesto en marcha 3 convocatorias dirigidas a creadores y creadoras en el centro cultural Izaskun Arrue Kulturgunea &#8211; IAK"},"content":{"rendered":"\n<p>La creaci\u00f3n cultural en euskera es de vital importancia en IAK (Izaskun Arrue Kulturgunea). En este sentido, los creadores y las creadoras de las diferentes disciplinas culturales de \u00c1lava, Vitoria-Gasteiz y de toda Euskal Herria se convertir\u00e1n en el objeto de este proyecto. Adem\u00e1s de fomentar la creatividad, este espacio pretende facilitar a los creadores y las creadoras su trabajo y ayudarles en su desarrollo personal, socializar los trabajos creativos, promover la creaci\u00f3n de redes y ofrecer oportunidades de experimentaci\u00f3n, con el fin de convertirlos poco a poco en espacios de creaci\u00f3n.<\/p>\n\n\n\n<p>Para dar respuesta a estos objetivos Lazarraga Kultur Elkartea ha puesto en marcha tres convocatorias en Izaskun Arrue Kulturgunea:<\/p>\n\n\n\n<ul class=\"wp-block-list\">\n<li><strong>Taulara, concurso de microteatros<\/strong>: con esta 3\u00aa edici\u00f3n de la convocatoria se pretende contribuir a la producci\u00f3n de obras de teatro de peque\u00f1o formato. Constar\u00e1 de dos categor\u00edas: por un lado, se premiar\u00e1 al mejor gui\u00f3n original (1.500 \u20ac), y por otro, se premiar\u00e1n dos del resto de trabajos no originales y creados desde 2022 (dos premios de 750 \u20ac). En la segunda categor\u00eda, tambi\u00e9n habr\u00e1 premio del p\u00fablico (500 \u20ac). La convocatoria est\u00e1 dirigida a creadores y creadoras, actores y actrices y grupos del mundo del teatro de toda Euskal Herria. El <strong>plazo <\/strong>de presentaci\u00f3n de propuestas <strong>estar\u00e1 abierto hasta el 30 de septiembre<\/strong>.<\/li>\n<\/ul>\n\n\n\n<ul class=\"wp-block-list\">\n<li><strong>Egin Leku, convocatoria para m\u00fasicos y m\u00fasicas n\u00f3veles<\/strong>: esta convocatoria est\u00e1 dirigida a menores de 35 a\u00f1os que est\u00e1n dando sus primeros pasos en el mundo de la m\u00fasica. Es la tercera vez que se realiza esta convocatoria. Quienes no hayan grabado discos de forma profesional, pueden presentar sus propuestas en cualquier estilo musical, tanto en solitario como en grupo. De todos los trabajos presentados, los seleccionados tendr\u00e1n la oportunidad de ofrecer un concierto en el centro cultural Izaskun Arrue Kulturgunea y obtar\u00e1n a un premio de 300\u20ac para preparar la actuaci\u00f3n. El <strong>\u00faltimo d\u00eda<\/strong> para presentar dichas propuestas<strong> ser\u00e1 el 30 de agosto.<\/strong><\/li>\n<\/ul>\n\n\n\n<p>Ambas convocatorias tienen su punto de partida en Oihaneder Euskararen Etxea y tambi\u00e9n se les dar\u00e1 continuidad en el centro cultural Izaskun Arrue Kulturgunea. A diferencia de la convocatoria Muina, estar\u00e1n dirigidas a creadores y creadoras de todo Euskal Herria.<\/p>\n\n\n\n<ul class=\"wp-block-list\">\n<li><strong>Muina, bolsa de propuestas de actividades culturales<\/strong>: ser\u00e1 la primera edici\u00f3n de esta convocatoria que recoger\u00e1 propuestas de actividades culturales que se desarrollar\u00e1n a lo largo del 2025 en el centro cultural Izaskun Arrue Kulturgunea. De todas las propuestas recibidas se seleccionar\u00e1n cinco obras de diferentes disciplinas (un espect\u00e1culo, una conferencia, una proyecci\u00f3n audiovisual, un curso y un taller). La convocatoria est\u00e1 dirigida a la ciudadan\u00eda alavesa. El <strong>plazo <\/strong>de presentaci\u00f3n de propuestas <strong>estar\u00e1 abierto hasta el 22 de agosto.<\/strong><\/li>\n<\/ul>\n\n\n\n<p>El plazo para la presentaci\u00f3n de propuestas en las tres convocatorias estar\u00e1 abierto desde el 22 de julio y en cada convocatoria se podr\u00e1 inscribirse mediante formulario, siguiendo los criterios expuestos en las bases.<\/p>\n\n\n\n<p><strong>*Info +<\/strong>: Amaia Kerexeta \/ <a href=\"mailto:kultura@lazarraga.eus\" target=\"_blank\" rel=\"noreferrer noopener\">komunikazioa@lazarraga.eus<\/a> \/ 615 986 832<\/p>\n\n\n\n<p><strong><\/strong><strong>Presentaci\u00f3n de propuestas y bases:<\/strong><\/p>\n\n\n\n<ul class=\"wp-block-list\">\n<li>\n<ul class=\"wp-block-list\">\n<li><a href=\"https:\/\/iak.eus\/es\/?p=1087\" target=\"_blank\" rel=\"noreferrer noopener\">Taulara<\/a><\/li>\n\n\n\n<li><a href=\"https:\/\/iak.eus\/es\/?p=1109\" target=\"_blank\" rel=\"noreferrer noopener\">Egin Leku<\/a><\/li>\n\n\n\n<li><a href=\"https:\/\/iak.eus\/es\/?p=1097\" target=\"_blank\" rel=\"noreferrer noopener\">Muina<\/a><\/li>\n<\/ul>\n<\/li>\n<\/ul>\n","protected":false},"excerpt":{"rendered":"<p>La creaci\u00f3n cultural en euskera es de vital importancia en IAK (Izaskun Arrue Kulturgunea). En este sentido, los creadores y las creadoras de las diferentes disciplinas culturales de \u00c1lava, Vitoria-Gasteiz&#8230;<\/p>\n","protected":false},"author":2,"featured_media":1124,"comment_status":"closed","ping_status":"closed","sticky":false,"template":"","format":"standard","meta":{"_price":"","_stock":"","_tribe_ticket_header":"","_tribe_default_ticket_provider":"","_tribe_ticket_capacity":"0","_ticket_start_date":"","_ticket_end_date":"","_tribe_ticket_show_description":"","_tribe_ticket_show_not_going":false,"_tribe_ticket_use_global_stock":"","_tribe_ticket_global_stock_level":"","_global_stock_mode":"","_global_stock_cap":"","_tribe_rsvp_for_event":"","_tribe_ticket_going_count":"","_tribe_ticket_not_going_count":"","_tribe_tickets_list":"[]","_tribe_ticket_has_attendee_info_fields":false,"footnotes":""},"categories":[24],"tags":[],"class_list":{"0":"post-1123","1":"post","2":"type-post","3":"status-publish","4":"format-standard","5":"has-post-thumbnail","7":"category-noticias"},"yoast_head":"<!-- This site is optimized with the Yoast SEO plugin v26.2 - https:\/\/yoast.com\/wordpress\/plugins\/seo\/ -->\n<title>Se han puesto en marcha 3 convocatorias dirigidas a creadores y creadoras en el centro cultural Izaskun Arrue Kulturgunea - IAK - IAK<\/title>\n<meta name=\"description\" content=\"Se han puesto en marcha 3 convocatorias dirigidas a creadores y creadoras en el centro cultural Izaskun Arrue Kulturgunea - IAK\" \/>\n<meta name=\"robots\" content=\"index, follow, max-snippet:-1, max-image-preview:large, max-video-preview:-1\" \/>\n<link rel=\"canonical\" href=\"https:\/\/iak.eus\/es\/convocatorias-iak\/\" \/>\n<meta property=\"og:locale\" content=\"es_ES\" \/>\n<meta property=\"og:type\" content=\"article\" \/>\n<meta property=\"og:title\" content=\"Se han puesto en marcha 3 convocatorias dirigidas a creadores y creadoras en el centro cultural Izaskun Arrue Kulturgunea - IAK - IAK\" \/>\n<meta property=\"og:description\" content=\"Se han puesto en marcha 3 convocatorias dirigidas a creadores y creadoras en el centro cultural Izaskun Arrue Kulturgunea - IAK\" \/>\n<meta property=\"og:url\" content=\"https:\/\/iak.eus\/es\/convocatorias-iak\/\" \/>\n<meta property=\"og:site_name\" content=\"IAK\" \/>\n<meta property=\"article:published_time\" content=\"2024-07-24T10:56:30+00:00\" \/>\n<meta property=\"article:modified_time\" content=\"2024-07-24T10:56:32+00:00\" \/>\n<meta property=\"og:image\" content=\"https:\/\/iak.eus\/wp-content\/uploads\/2024\/07\/Deialdiak-agenda-azala-1.png\" \/>\n\t<meta property=\"og:image:width\" content=\"1920\" \/>\n\t<meta property=\"og:image:height\" content=\"1280\" \/>\n\t<meta property=\"og:image:type\" content=\"image\/png\" \/>\n<meta name=\"author\" content=\"Komunikazioa\" \/>\n<meta name=\"twitter:card\" content=\"summary_large_image\" \/>\n<script type=\"application\/ld+json\" class=\"yoast-schema-graph\">{\"@context\":\"https:\/\/schema.org\",\"@graph\":[{\"@type\":\"Article\",\"@id\":\"https:\/\/iak.eus\/es\/convocatorias-iak\/#article\",\"isPartOf\":{\"@id\":\"https:\/\/iak.eus\/es\/convocatorias-iak\/\"},\"author\":{\"name\":\"Komunikazioa\",\"@id\":\"https:\/\/iak.eus\/es\/#\/schema\/person\/16a2ed81d5f1ea68141701b31b9228cd\"},\"headline\":\"Se han puesto en marcha 3 convocatorias dirigidas a creadores y creadoras en el centro cultural Izaskun Arrue Kulturgunea &#8211; IAK\",\"datePublished\":\"2024-07-24T10:56:30+00:00\",\"dateModified\":\"2024-07-24T10:56:32+00:00\",\"mainEntityOfPage\":{\"@id\":\"https:\/\/iak.eus\/es\/convocatorias-iak\/\"},\"wordCount\":531,\"publisher\":{\"@id\":\"https:\/\/iak.eus\/es\/#organization\"},\"image\":{\"@id\":\"https:\/\/iak.eus\/es\/convocatorias-iak\/#primaryimage\"},\"thumbnailUrl\":\"https:\/\/iak.eus\/wp-content\/uploads\/2024\/07\/Deialdiak-agenda-azala-1.png\",\"articleSection\":[\"Noticias\"],\"inLanguage\":\"es\"},{\"@type\":\"WebPage\",\"@id\":\"https:\/\/iak.eus\/es\/convocatorias-iak\/\",\"url\":\"https:\/\/iak.eus\/es\/convocatorias-iak\/\",\"name\":\"Se han puesto en marcha 3 convocatorias dirigidas a creadores y creadoras en el centro cultural Izaskun Arrue Kulturgunea - IAK - IAK\",\"isPartOf\":{\"@id\":\"https:\/\/iak.eus\/es\/#website\"},\"primaryImageOfPage\":{\"@id\":\"https:\/\/iak.eus\/es\/convocatorias-iak\/#primaryimage\"},\"image\":{\"@id\":\"https:\/\/iak.eus\/es\/convocatorias-iak\/#primaryimage\"},\"thumbnailUrl\":\"https:\/\/iak.eus\/wp-content\/uploads\/2024\/07\/Deialdiak-agenda-azala-1.png\",\"datePublished\":\"2024-07-24T10:56:30+00:00\",\"dateModified\":\"2024-07-24T10:56:32+00:00\",\"description\":\"Se han puesto en marcha 3 convocatorias dirigidas a creadores y creadoras en el centro cultural Izaskun Arrue Kulturgunea - IAK\",\"breadcrumb\":{\"@id\":\"https:\/\/iak.eus\/es\/convocatorias-iak\/#breadcrumb\"},\"inLanguage\":\"es\",\"potentialAction\":[{\"@type\":\"ReadAction\",\"target\":[\"https:\/\/iak.eus\/es\/convocatorias-iak\/\"]}]},{\"@type\":\"ImageObject\",\"inLanguage\":\"es\",\"@id\":\"https:\/\/iak.eus\/es\/convocatorias-iak\/#primaryimage\",\"url\":\"https:\/\/iak.eus\/wp-content\/uploads\/2024\/07\/Deialdiak-agenda-azala-1.png\",\"contentUrl\":\"https:\/\/iak.eus\/wp-content\/uploads\/2024\/07\/Deialdiak-agenda-azala-1.png\",\"width\":1920,\"height\":1280},{\"@type\":\"BreadcrumbList\",\"@id\":\"https:\/\/iak.eus\/es\/convocatorias-iak\/#breadcrumb\",\"itemListElement\":[{\"@type\":\"ListItem\",\"position\":1,\"name\":\"Home\",\"item\":\"https:\/\/iak.eus\/es\/\"},{\"@type\":\"ListItem\",\"position\":2,\"name\":\"Se han puesto en marcha 3 convocatorias dirigidas a creadores y creadoras en el centro cultural Izaskun Arrue Kulturgunea &#8211; IAK\"}]},{\"@type\":\"WebSite\",\"@id\":\"https:\/\/iak.eus\/es\/#website\",\"url\":\"https:\/\/iak.eus\/es\/\",\"name\":\"IAK - Izaskun Arrue Kulturgunea\",\"description\":\"Izaskun Arrue Kulturgunea\",\"publisher\":{\"@id\":\"https:\/\/iak.eus\/es\/#organization\"},\"potentialAction\":[{\"@type\":\"SearchAction\",\"target\":{\"@type\":\"EntryPoint\",\"urlTemplate\":\"https:\/\/iak.eus\/es\/?s={search_term_string}\"},\"query-input\":{\"@type\":\"PropertyValueSpecification\",\"valueRequired\":true,\"valueName\":\"search_term_string\"}}],\"inLanguage\":\"es\"},{\"@type\":\"Organization\",\"@id\":\"https:\/\/iak.eus\/es\/#organization\",\"name\":\"IAK - Izaskun Arrue Kulturgunea\",\"url\":\"https:\/\/iak.eus\/es\/\",\"logo\":{\"@type\":\"ImageObject\",\"inLanguage\":\"es\",\"@id\":\"https:\/\/iak.eus\/es\/#\/schema\/logo\/image\/\",\"url\":\"https:\/\/iak.eus\/wp-content\/uploads\/2023\/10\/logo-iak.png\",\"contentUrl\":\"https:\/\/iak.eus\/wp-content\/uploads\/2023\/10\/logo-iak.png\",\"width\":5275,\"height\":1549,\"caption\":\"IAK - Izaskun Arrue Kulturgunea\"},\"image\":{\"@id\":\"https:\/\/iak.eus\/es\/#\/schema\/logo\/image\/\"}},{\"@type\":\"Person\",\"@id\":\"https:\/\/iak.eus\/es\/#\/schema\/person\/16a2ed81d5f1ea68141701b31b9228cd\",\"name\":\"Komunikazioa\",\"url\":\"https:\/\/iak.eus\/es\/author\/lke\/\"}]}<\/script>\n<!-- \/ Yoast SEO plugin. -->","yoast_head_json":{"title":"Se han puesto en marcha 3 convocatorias dirigidas a creadores y creadoras en el centro cultural Izaskun Arrue Kulturgunea - IAK - IAK","description":"Se han puesto en marcha 3 convocatorias dirigidas a creadores y creadoras en el centro cultural Izaskun Arrue Kulturgunea - IAK","robots":{"index":"index","follow":"follow","max-snippet":"max-snippet:-1","max-image-preview":"max-image-preview:large","max-video-preview":"max-video-preview:-1"},"canonical":"https:\/\/iak.eus\/es\/convocatorias-iak\/","og_locale":"es_ES","og_type":"article","og_title":"Se han puesto en marcha 3 convocatorias dirigidas a creadores y creadoras en el centro cultural Izaskun Arrue Kulturgunea - IAK - IAK","og_description":"Se han puesto en marcha 3 convocatorias dirigidas a creadores y creadoras en el centro cultural Izaskun Arrue Kulturgunea - IAK","og_url":"https:\/\/iak.eus\/es\/convocatorias-iak\/","og_site_name":"IAK","article_published_time":"2024-07-24T10:56:30+00:00","article_modified_time":"2024-07-24T10:56:32+00:00","og_image":[{"width":1920,"height":1280,"url":"https:\/\/iak.eus\/wp-content\/uploads\/2024\/07\/Deialdiak-agenda-azala-1.png","type":"image\/png"}],"author":"Komunikazioa","twitter_card":"summary_large_image","schema":{"@context":"https:\/\/schema.org","@graph":[{"@type":"Article","@id":"https:\/\/iak.eus\/es\/convocatorias-iak\/#article","isPartOf":{"@id":"https:\/\/iak.eus\/es\/convocatorias-iak\/"},"author":{"name":"Komunikazioa","@id":"https:\/\/iak.eus\/es\/#\/schema\/person\/16a2ed81d5f1ea68141701b31b9228cd"},"headline":"Se han puesto en marcha 3 convocatorias dirigidas a creadores y creadoras en el centro cultural Izaskun Arrue Kulturgunea &#8211; IAK","datePublished":"2024-07-24T10:56:30+00:00","dateModified":"2024-07-24T10:56:32+00:00","mainEntityOfPage":{"@id":"https:\/\/iak.eus\/es\/convocatorias-iak\/"},"wordCount":531,"publisher":{"@id":"https:\/\/iak.eus\/es\/#organization"},"image":{"@id":"https:\/\/iak.eus\/es\/convocatorias-iak\/#primaryimage"},"thumbnailUrl":"https:\/\/iak.eus\/wp-content\/uploads\/2024\/07\/Deialdiak-agenda-azala-1.png","articleSection":["Noticias"],"inLanguage":"es"},{"@type":"WebPage","@id":"https:\/\/iak.eus\/es\/convocatorias-iak\/","url":"https:\/\/iak.eus\/es\/convocatorias-iak\/","name":"Se han puesto en marcha 3 convocatorias dirigidas a creadores y creadoras en el centro cultural Izaskun Arrue Kulturgunea - IAK - IAK","isPartOf":{"@id":"https:\/\/iak.eus\/es\/#website"},"primaryImageOfPage":{"@id":"https:\/\/iak.eus\/es\/convocatorias-iak\/#primaryimage"},"image":{"@id":"https:\/\/iak.eus\/es\/convocatorias-iak\/#primaryimage"},"thumbnailUrl":"https:\/\/iak.eus\/wp-content\/uploads\/2024\/07\/Deialdiak-agenda-azala-1.png","datePublished":"2024-07-24T10:56:30+00:00","dateModified":"2024-07-24T10:56:32+00:00","description":"Se han puesto en marcha 3 convocatorias dirigidas a creadores y creadoras en el centro cultural Izaskun Arrue Kulturgunea - IAK","breadcrumb":{"@id":"https:\/\/iak.eus\/es\/convocatorias-iak\/#breadcrumb"},"inLanguage":"es","potentialAction":[{"@type":"ReadAction","target":["https:\/\/iak.eus\/es\/convocatorias-iak\/"]}]},{"@type":"ImageObject","inLanguage":"es","@id":"https:\/\/iak.eus\/es\/convocatorias-iak\/#primaryimage","url":"https:\/\/iak.eus\/wp-content\/uploads\/2024\/07\/Deialdiak-agenda-azala-1.png","contentUrl":"https:\/\/iak.eus\/wp-content\/uploads\/2024\/07\/Deialdiak-agenda-azala-1.png","width":1920,"height":1280},{"@type":"BreadcrumbList","@id":"https:\/\/iak.eus\/es\/convocatorias-iak\/#breadcrumb","itemListElement":[{"@type":"ListItem","position":1,"name":"Home","item":"https:\/\/iak.eus\/es\/"},{"@type":"ListItem","position":2,"name":"Se han puesto en marcha 3 convocatorias dirigidas a creadores y creadoras en el centro cultural Izaskun Arrue Kulturgunea &#8211; IAK"}]},{"@type":"WebSite","@id":"https:\/\/iak.eus\/es\/#website","url":"https:\/\/iak.eus\/es\/","name":"IAK - Izaskun Arrue Kulturgunea","description":"Izaskun Arrue Kulturgunea","publisher":{"@id":"https:\/\/iak.eus\/es\/#organization"},"potentialAction":[{"@type":"SearchAction","target":{"@type":"EntryPoint","urlTemplate":"https:\/\/iak.eus\/es\/?s={search_term_string}"},"query-input":{"@type":"PropertyValueSpecification","valueRequired":true,"valueName":"search_term_string"}}],"inLanguage":"es"},{"@type":"Organization","@id":"https:\/\/iak.eus\/es\/#organization","name":"IAK - Izaskun Arrue Kulturgunea","url":"https:\/\/iak.eus\/es\/","logo":{"@type":"ImageObject","inLanguage":"es","@id":"https:\/\/iak.eus\/es\/#\/schema\/logo\/image\/","url":"https:\/\/iak.eus\/wp-content\/uploads\/2023\/10\/logo-iak.png","contentUrl":"https:\/\/iak.eus\/wp-content\/uploads\/2023\/10\/logo-iak.png","width":5275,"height":1549,"caption":"IAK - Izaskun Arrue Kulturgunea"},"image":{"@id":"https:\/\/iak.eus\/es\/#\/schema\/logo\/image\/"}},{"@type":"Person","@id":"https:\/\/iak.eus\/es\/#\/schema\/person\/16a2ed81d5f1ea68141701b31b9228cd","name":"Komunikazioa","url":"https:\/\/iak.eus\/es\/author\/lke\/"}]}},"_links":{"self":[{"href":"https:\/\/iak.eus\/es\/wp-json\/wp\/v2\/posts\/1123","targetHints":{"allow":["GET"]}}],"collection":[{"href":"https:\/\/iak.eus\/es\/wp-json\/wp\/v2\/posts"}],"about":[{"href":"https:\/\/iak.eus\/es\/wp-json\/wp\/v2\/types\/post"}],"author":[{"embeddable":true,"href":"https:\/\/iak.eus\/es\/wp-json\/wp\/v2\/users\/2"}],"replies":[{"embeddable":true,"href":"https:\/\/iak.eus\/es\/wp-json\/wp\/v2\/comments?post=1123"}],"version-history":[{"count":0,"href":"https:\/\/iak.eus\/es\/wp-json\/wp\/v2\/posts\/1123\/revisions"}],"wp:featuredmedia":[{"embeddable":true,"href":"https:\/\/iak.eus\/es\/wp-json\/wp\/v2\/media\/1124"}],"wp:attachment":[{"href":"https:\/\/iak.eus\/es\/wp-json\/wp\/v2\/media?parent=1123"}],"wp:term":[{"taxonomy":"category","embeddable":true,"href":"https:\/\/iak.eus\/es\/wp-json\/wp\/v2\/categories?post=1123"},{"taxonomy":"post_tag","embeddable":true,"href":"https:\/\/iak.eus\/es\/wp-json\/wp\/v2\/tags?post=1123"}],"curies":[{"name":"wp","href":"https:\/\/api.w.org\/{rel}","templated":true}]}}