{"id":809,"date":"2023-10-16T10:43:10","date_gmt":"2023-10-16T08:43:10","guid":{"rendered":"https:\/\/iak.eus\/que-es-el-centro-cultural-izaskun-arrue\/"},"modified":"2023-10-23T07:56:10","modified_gmt":"2023-10-23T05:56:10","slug":"que-es-el-centro-cultural-izaskun-arrue","status":"publish","type":"post","link":"https:\/\/iak.eus\/es\/que-es-el-centro-cultural-izaskun-arrue\/","title":{"rendered":"\u00bfQu\u00e9 es el centro cultural Izaskun Arrue?"},"content":{"rendered":"\n<p>El hasta ahora llamado palacio Ruiz de Bergara abrir\u00e1 sus puertas con el nombre de Izaskun Arrue, como espacio de promoci\u00f3n y conciliaci\u00f3n de los valores culturales y el euskera.<\/p>\n\n\n\n<p><strong>Pero, \u00bfqu\u00e9 es en realidad el Centro Cultural Izaskun Arrue? \u00bfEl Gasteiz Antzokia? \u00bfEuskararen Etxea?<\/strong><\/p>\n\n\n\n<p>Pues bien, en la calle el centro cultural se ha ido conociendo con muchos nombres, pero sin duda el <em>Gasteiz Antzokia<\/em> ha sido el m\u00e1s escuchado. Y por supuesto, el Antzoki es una de las principales patas del Centro Cultural. Pero, por decisi\u00f3n del ayuntamiento, finalmente ha pasado a llamarse Izaskun Arrue Kulturgunea, homenajeando a la primera profesora de euskera en Vitoria-Gasteiz. En este embrollo del nombre, se ha visto necesario la creaci\u00f3n de una marca que defina todos los subproyectos que se unir\u00e1n en el espacio. En este sentido, y para ir m\u00e1s all\u00e1, ha nacido la marca IAK.<\/p>\n\n\n\n<p>Para construir la identidad de la marca; las personas, o mejor dicho, la comunidad, se ha colocado en el centro de todo el proyecto. As\u00ed las cosas, toda la identidad de IAK se ha construido en base a que la comunidad cultural, creativa y euskaltzale del proyecto se sienta identificada con la marca. La marca est\u00e1 comprometida con la promoci\u00f3n de la cultura y el euskera en todas sus formas, y busca continuamente nuevas formas de conectar y enriquecer la comunidad. Se trata de un centro cultural valiente, integrador e innovador, dispuesto a adaptarse a las necesidades de la sociedad actual.<\/p>\n\n\n\n<p>IAK tiene vocaci\u00f3n de ser un proyecto cultural integral, trabajar toda la cadena de la cultura (creatividad, producci\u00f3n, puesta en escena\/exhibici\u00f3n, comunicaci\u00f3n&#8230;) y estimular la din\u00e1mica cultural de Vitoria-Gasteiz desde el euskera y en euskera.<\/p>\n\n\n\n<p>Definido desde sus inicios como un proyecto de dos patas, <strong>Kafe Antzokia<\/strong> y <strong>Euskararen Etxea<\/strong>, tiene en pie su primera base desde octubre de 2014 en el palacio Montehermoso: <strong>Oihaneder<\/strong> <strong>Euskararen Etxea<\/strong>. En junio de 2022 finalizado el proyecto Oihaneder Euskararen Etxea, ahora, IAK, toma su relevo como un proyecto euskaltzale, cultural e innovador.<\/p>\n\n\n\n<p>Oihaneder Euskararen Etxea se inaugur\u00f3 el 15 de octubre de 2014 y se puede decir sin miedo que se ha convertido en un referente para los euskaltzales y aficionados a la cultura en Vitoria-Gasteiz y Euskal Herria. Por este camino comienza la andadura de IAK, con el objetivo de convertirse en los pr\u00f3ximos a\u00f1os en el nuevo centro cultural vasco referente de Vitoria-Gasteiz. <\/p>\n","protected":false},"excerpt":{"rendered":"<p>El hasta ahora llamado palacio Ruiz de Bergara abrir\u00e1 sus puertas con el nombre de Izaskun Arrue, como espacio de promoci\u00f3n y conciliaci\u00f3n de los valores culturales y el euskera&#8230;.<\/p>\n","protected":false},"author":1,"featured_media":710,"comment_status":"closed","ping_status":"closed","sticky":false,"template":"","format":"standard","meta":{"_price":"","_stock":"","_tribe_ticket_header":"","_tribe_default_ticket_provider":"","_tribe_ticket_capacity":"0","_ticket_start_date":"","_ticket_end_date":"","_tribe_ticket_show_description":"","_tribe_ticket_show_not_going":false,"_tribe_ticket_use_global_stock":"","_tribe_ticket_global_stock_level":"","_global_stock_mode":"","_global_stock_cap":"","_tribe_rsvp_for_event":"","_tribe_ticket_going_count":"","_tribe_ticket_not_going_count":"","_tribe_tickets_list":"[]","_tribe_ticket_has_attendee_info_fields":false,"footnotes":""},"categories":[23],"tags":[],"class_list":{"0":"post-809","1":"post","2":"type-post","3":"status-publish","4":"format-standard","5":"has-post-thumbnail","7":"category-blog-propio"},"yoast_head":"<!-- This site is optimized with the Yoast SEO plugin v26.2 - https:\/\/yoast.com\/wordpress\/plugins\/seo\/ -->\n<title>\u00bfQu\u00e9 es el centro cultural Izaskun Arrue? - IAK<\/title>\n<meta name=\"robots\" content=\"index, follow, max-snippet:-1, max-image-preview:large, max-video-preview:-1\" \/>\n<link rel=\"canonical\" href=\"https:\/\/iak.eus\/es\/que-es-el-centro-cultural-izaskun-arrue\/\" \/>\n<meta property=\"og:locale\" content=\"es_ES\" \/>\n<meta property=\"og:type\" content=\"article\" \/>\n<meta property=\"og:title\" content=\"\u00bfQu\u00e9 es el centro cultural Izaskun Arrue? - IAK\" \/>\n<meta property=\"og:description\" content=\"El hasta ahora llamado palacio Ruiz de Bergara abrir\u00e1 sus puertas con el nombre de Izaskun Arrue, como espacio de promoci\u00f3n y conciliaci\u00f3n de los valores culturales y el euskera....\" \/>\n<meta property=\"og:url\" content=\"https:\/\/iak.eus\/es\/que-es-el-centro-cultural-izaskun-arrue\/\" \/>\n<meta property=\"og:site_name\" content=\"IAK\" \/>\n<meta property=\"article:published_time\" content=\"2023-10-16T08:43:10+00:00\" \/>\n<meta property=\"article:modified_time\" content=\"2023-10-23T05:56:10+00:00\" \/>\n<meta property=\"og:image\" content=\"https:\/\/iak.eus\/wp-content\/uploads\/2023\/09\/4-scaled.jpg\" \/>\n\t<meta property=\"og:image:width\" content=\"1920\" \/>\n\t<meta property=\"og:image:height\" content=\"2560\" \/>\n\t<meta property=\"og:image:type\" content=\"image\/jpeg\" \/>\n<meta name=\"author\" content=\"akjsd65q7821ydsaid\" \/>\n<meta name=\"twitter:card\" content=\"summary_large_image\" \/>\n<script type=\"application\/ld+json\" class=\"yoast-schema-graph\">{\"@context\":\"https:\/\/schema.org\",\"@graph\":[{\"@type\":\"Article\",\"@id\":\"https:\/\/iak.eus\/es\/que-es-el-centro-cultural-izaskun-arrue\/#article\",\"isPartOf\":{\"@id\":\"https:\/\/iak.eus\/es\/que-es-el-centro-cultural-izaskun-arrue\/\"},\"author\":{\"name\":\"akjsd65q7821ydsaid\",\"@id\":\"https:\/\/iak.eus\/es\/#\/schema\/person\/8d36dd4a3c75049244d237748f40058f\"},\"headline\":\"\u00bfQu\u00e9 es el centro cultural Izaskun Arrue?\",\"datePublished\":\"2023-10-16T08:43:10+00:00\",\"dateModified\":\"2023-10-23T05:56:10+00:00\",\"mainEntityOfPage\":{\"@id\":\"https:\/\/iak.eus\/es\/que-es-el-centro-cultural-izaskun-arrue\/\"},\"wordCount\":417,\"publisher\":{\"@id\":\"https:\/\/iak.eus\/es\/#organization\"},\"image\":{\"@id\":\"https:\/\/iak.eus\/es\/que-es-el-centro-cultural-izaskun-arrue\/#primaryimage\"},\"thumbnailUrl\":\"https:\/\/iak.eus\/wp-content\/uploads\/2023\/09\/4-scaled.jpg\",\"articleSection\":[\"Blog propio\"],\"inLanguage\":\"es\"},{\"@type\":\"WebPage\",\"@id\":\"https:\/\/iak.eus\/es\/que-es-el-centro-cultural-izaskun-arrue\/\",\"url\":\"https:\/\/iak.eus\/es\/que-es-el-centro-cultural-izaskun-arrue\/\",\"name\":\"\u00bfQu\u00e9 es el centro cultural Izaskun Arrue? - IAK\",\"isPartOf\":{\"@id\":\"https:\/\/iak.eus\/es\/#website\"},\"primaryImageOfPage\":{\"@id\":\"https:\/\/iak.eus\/es\/que-es-el-centro-cultural-izaskun-arrue\/#primaryimage\"},\"image\":{\"@id\":\"https:\/\/iak.eus\/es\/que-es-el-centro-cultural-izaskun-arrue\/#primaryimage\"},\"thumbnailUrl\":\"https:\/\/iak.eus\/wp-content\/uploads\/2023\/09\/4-scaled.jpg\",\"datePublished\":\"2023-10-16T08:43:10+00:00\",\"dateModified\":\"2023-10-23T05:56:10+00:00\",\"breadcrumb\":{\"@id\":\"https:\/\/iak.eus\/es\/que-es-el-centro-cultural-izaskun-arrue\/#breadcrumb\"},\"inLanguage\":\"es\",\"potentialAction\":[{\"@type\":\"ReadAction\",\"target\":[\"https:\/\/iak.eus\/es\/que-es-el-centro-cultural-izaskun-arrue\/\"]}]},{\"@type\":\"ImageObject\",\"inLanguage\":\"es\",\"@id\":\"https:\/\/iak.eus\/es\/que-es-el-centro-cultural-izaskun-arrue\/#primaryimage\",\"url\":\"https:\/\/iak.eus\/wp-content\/uploads\/2023\/09\/4-scaled.jpg\",\"contentUrl\":\"https:\/\/iak.eus\/wp-content\/uploads\/2023\/09\/4-scaled.jpg\",\"width\":1920,\"height\":2560},{\"@type\":\"BreadcrumbList\",\"@id\":\"https:\/\/iak.eus\/es\/que-es-el-centro-cultural-izaskun-arrue\/#breadcrumb\",\"itemListElement\":[{\"@type\":\"ListItem\",\"position\":1,\"name\":\"Home\",\"item\":\"https:\/\/iak.eus\/es\/\"},{\"@type\":\"ListItem\",\"position\":2,\"name\":\"\u00bfQu\u00e9 es el centro cultural Izaskun Arrue?\"}]},{\"@type\":\"WebSite\",\"@id\":\"https:\/\/iak.eus\/es\/#website\",\"url\":\"https:\/\/iak.eus\/es\/\",\"name\":\"IAK - Izaskun Arrue Kulturgunea\",\"description\":\"Izaskun Arrue Kulturgunea\",\"publisher\":{\"@id\":\"https:\/\/iak.eus\/es\/#organization\"},\"potentialAction\":[{\"@type\":\"SearchAction\",\"target\":{\"@type\":\"EntryPoint\",\"urlTemplate\":\"https:\/\/iak.eus\/es\/?s={search_term_string}\"},\"query-input\":{\"@type\":\"PropertyValueSpecification\",\"valueRequired\":true,\"valueName\":\"search_term_string\"}}],\"inLanguage\":\"es\"},{\"@type\":\"Organization\",\"@id\":\"https:\/\/iak.eus\/es\/#organization\",\"name\":\"IAK - Izaskun Arrue Kulturgunea\",\"url\":\"https:\/\/iak.eus\/es\/\",\"logo\":{\"@type\":\"ImageObject\",\"inLanguage\":\"es\",\"@id\":\"https:\/\/iak.eus\/es\/#\/schema\/logo\/image\/\",\"url\":\"https:\/\/iak.eus\/wp-content\/uploads\/2023\/10\/logo-iak.png\",\"contentUrl\":\"https:\/\/iak.eus\/wp-content\/uploads\/2023\/10\/logo-iak.png\",\"width\":5275,\"height\":1549,\"caption\":\"IAK - Izaskun Arrue Kulturgunea\"},\"image\":{\"@id\":\"https:\/\/iak.eus\/es\/#\/schema\/logo\/image\/\"}},{\"@type\":\"Person\",\"@id\":\"https:\/\/iak.eus\/es\/#\/schema\/person\/8d36dd4a3c75049244d237748f40058f\",\"name\":\"akjsd65q7821ydsaid\",\"sameAs\":[\"http:\/\/iak.eus\"],\"url\":\"https:\/\/iak.eus\/es\/author\/akjsd65q7821ydsaid\/\"}]}<\/script>\n<!-- \/ Yoast SEO plugin. -->","yoast_head_json":{"title":"\u00bfQu\u00e9 es el centro cultural Izaskun Arrue? - IAK","robots":{"index":"index","follow":"follow","max-snippet":"max-snippet:-1","max-image-preview":"max-image-preview:large","max-video-preview":"max-video-preview:-1"},"canonical":"https:\/\/iak.eus\/es\/que-es-el-centro-cultural-izaskun-arrue\/","og_locale":"es_ES","og_type":"article","og_title":"\u00bfQu\u00e9 es el centro cultural Izaskun Arrue? - IAK","og_description":"El hasta ahora llamado palacio Ruiz de Bergara abrir\u00e1 sus puertas con el nombre de Izaskun Arrue, como espacio de promoci\u00f3n y conciliaci\u00f3n de los valores culturales y el euskera....","og_url":"https:\/\/iak.eus\/es\/que-es-el-centro-cultural-izaskun-arrue\/","og_site_name":"IAK","article_published_time":"2023-10-16T08:43:10+00:00","article_modified_time":"2023-10-23T05:56:10+00:00","og_image":[{"width":1920,"height":2560,"url":"https:\/\/iak.eus\/wp-content\/uploads\/2023\/09\/4-scaled.jpg","type":"image\/jpeg"}],"author":"akjsd65q7821ydsaid","twitter_card":"summary_large_image","schema":{"@context":"https:\/\/schema.org","@graph":[{"@type":"Article","@id":"https:\/\/iak.eus\/es\/que-es-el-centro-cultural-izaskun-arrue\/#article","isPartOf":{"@id":"https:\/\/iak.eus\/es\/que-es-el-centro-cultural-izaskun-arrue\/"},"author":{"name":"akjsd65q7821ydsaid","@id":"https:\/\/iak.eus\/es\/#\/schema\/person\/8d36dd4a3c75049244d237748f40058f"},"headline":"\u00bfQu\u00e9 es el centro cultural Izaskun Arrue?","datePublished":"2023-10-16T08:43:10+00:00","dateModified":"2023-10-23T05:56:10+00:00","mainEntityOfPage":{"@id":"https:\/\/iak.eus\/es\/que-es-el-centro-cultural-izaskun-arrue\/"},"wordCount":417,"publisher":{"@id":"https:\/\/iak.eus\/es\/#organization"},"image":{"@id":"https:\/\/iak.eus\/es\/que-es-el-centro-cultural-izaskun-arrue\/#primaryimage"},"thumbnailUrl":"https:\/\/iak.eus\/wp-content\/uploads\/2023\/09\/4-scaled.jpg","articleSection":["Blog propio"],"inLanguage":"es"},{"@type":"WebPage","@id":"https:\/\/iak.eus\/es\/que-es-el-centro-cultural-izaskun-arrue\/","url":"https:\/\/iak.eus\/es\/que-es-el-centro-cultural-izaskun-arrue\/","name":"\u00bfQu\u00e9 es el centro cultural Izaskun Arrue? - IAK","isPartOf":{"@id":"https:\/\/iak.eus\/es\/#website"},"primaryImageOfPage":{"@id":"https:\/\/iak.eus\/es\/que-es-el-centro-cultural-izaskun-arrue\/#primaryimage"},"image":{"@id":"https:\/\/iak.eus\/es\/que-es-el-centro-cultural-izaskun-arrue\/#primaryimage"},"thumbnailUrl":"https:\/\/iak.eus\/wp-content\/uploads\/2023\/09\/4-scaled.jpg","datePublished":"2023-10-16T08:43:10+00:00","dateModified":"2023-10-23T05:56:10+00:00","breadcrumb":{"@id":"https:\/\/iak.eus\/es\/que-es-el-centro-cultural-izaskun-arrue\/#breadcrumb"},"inLanguage":"es","potentialAction":[{"@type":"ReadAction","target":["https:\/\/iak.eus\/es\/que-es-el-centro-cultural-izaskun-arrue\/"]}]},{"@type":"ImageObject","inLanguage":"es","@id":"https:\/\/iak.eus\/es\/que-es-el-centro-cultural-izaskun-arrue\/#primaryimage","url":"https:\/\/iak.eus\/wp-content\/uploads\/2023\/09\/4-scaled.jpg","contentUrl":"https:\/\/iak.eus\/wp-content\/uploads\/2023\/09\/4-scaled.jpg","width":1920,"height":2560},{"@type":"BreadcrumbList","@id":"https:\/\/iak.eus\/es\/que-es-el-centro-cultural-izaskun-arrue\/#breadcrumb","itemListElement":[{"@type":"ListItem","position":1,"name":"Home","item":"https:\/\/iak.eus\/es\/"},{"@type":"ListItem","position":2,"name":"\u00bfQu\u00e9 es el centro cultural Izaskun Arrue?"}]},{"@type":"WebSite","@id":"https:\/\/iak.eus\/es\/#website","url":"https:\/\/iak.eus\/es\/","name":"IAK - Izaskun Arrue Kulturgunea","description":"Izaskun Arrue Kulturgunea","publisher":{"@id":"https:\/\/iak.eus\/es\/#organization"},"potentialAction":[{"@type":"SearchAction","target":{"@type":"EntryPoint","urlTemplate":"https:\/\/iak.eus\/es\/?s={search_term_string}"},"query-input":{"@type":"PropertyValueSpecification","valueRequired":true,"valueName":"search_term_string"}}],"inLanguage":"es"},{"@type":"Organization","@id":"https:\/\/iak.eus\/es\/#organization","name":"IAK - Izaskun Arrue Kulturgunea","url":"https:\/\/iak.eus\/es\/","logo":{"@type":"ImageObject","inLanguage":"es","@id":"https:\/\/iak.eus\/es\/#\/schema\/logo\/image\/","url":"https:\/\/iak.eus\/wp-content\/uploads\/2023\/10\/logo-iak.png","contentUrl":"https:\/\/iak.eus\/wp-content\/uploads\/2023\/10\/logo-iak.png","width":5275,"height":1549,"caption":"IAK - Izaskun Arrue Kulturgunea"},"image":{"@id":"https:\/\/iak.eus\/es\/#\/schema\/logo\/image\/"}},{"@type":"Person","@id":"https:\/\/iak.eus\/es\/#\/schema\/person\/8d36dd4a3c75049244d237748f40058f","name":"akjsd65q7821ydsaid","sameAs":["http:\/\/iak.eus"],"url":"https:\/\/iak.eus\/es\/author\/akjsd65q7821ydsaid\/"}]}},"_links":{"self":[{"href":"https:\/\/iak.eus\/es\/wp-json\/wp\/v2\/posts\/809","targetHints":{"allow":["GET"]}}],"collection":[{"href":"https:\/\/iak.eus\/es\/wp-json\/wp\/v2\/posts"}],"about":[{"href":"https:\/\/iak.eus\/es\/wp-json\/wp\/v2\/types\/post"}],"author":[{"embeddable":true,"href":"https:\/\/iak.eus\/es\/wp-json\/wp\/v2\/users\/1"}],"replies":[{"embeddable":true,"href":"https:\/\/iak.eus\/es\/wp-json\/wp\/v2\/comments?post=809"}],"version-history":[{"count":0,"href":"https:\/\/iak.eus\/es\/wp-json\/wp\/v2\/posts\/809\/revisions"}],"wp:featuredmedia":[{"embeddable":true,"href":"https:\/\/iak.eus\/es\/wp-json\/wp\/v2\/media\/710"}],"wp:attachment":[{"href":"https:\/\/iak.eus\/es\/wp-json\/wp\/v2\/media?parent=809"}],"wp:term":[{"taxonomy":"category","embeddable":true,"href":"https:\/\/iak.eus\/es\/wp-json\/wp\/v2\/categories?post=809"},{"taxonomy":"post_tag","embeddable":true,"href":"https:\/\/iak.eus\/es\/wp-json\/wp\/v2\/tags?post=809"}],"curies":[{"name":"wp","href":"https:\/\/api.w.org\/{rel}","templated":true}]}}